{"id":1820,"date":"2011-05-03T08:00:48","date_gmt":"2011-05-03T08:00:48","guid":{"rendered":"https:\/\/asociacionismodelaemigracionespanola.com\/?p=1820"},"modified":"2023-07-04T09:07:57","modified_gmt":"2023-07-04T09:07:57","slug":"elementor-1820","status":"publish","type":"post","link":"https:\/\/asociacionismodelaemigracionespanola.com\/index.php\/2011\/05\/03\/elementor-1820\/","title":{"rendered":"Castilla y Le\u00f3n protagonista del Festival \u201cLa Huella de Espa\u00f1a\u201d en Cuba."},"content":{"rendered":"\t\t<div data-elementor-type=\"wp-post\" data-elementor-id=\"1820\" class=\"elementor elementor-1820\" data-elementor-post-type=\"post\">\n\t\t\t\t\t\t<section class=\"elementor-section elementor-top-section elementor-element elementor-element-072709c elementor-section-boxed elementor-section-height-default elementor-section-height-default\" data-id=\"072709c\" data-element_type=\"section\">\n\t\t\t\t\t\t<div class=\"elementor-container elementor-column-gap-default\">\n\t\t\t\t\t<div class=\"elementor-column elementor-col-100 elementor-top-column elementor-element elementor-element-6f5a408\" data-id=\"6f5a408\" data-element_type=\"column\">\n\t\t\t<div class=\"elementor-widget-wrap elementor-element-populated\">\n\t\t\t\t\t\t<div class=\"elementor-element elementor-element-95bf564 elementor-widget elementor-widget-spacer\" data-id=\"95bf564\" data-element_type=\"widget\" data-widget_type=\"spacer.default\">\n\t\t\t\t<div class=\"elementor-widget-container\">\n\t\t\t<style>\/*! elementor - v3.22.0 - 26-06-2024 *\/\n.elementor-column .elementor-spacer-inner{height:var(--spacer-size)}.e-con{--container-widget-width:100%}.e-con-inner>.elementor-widget-spacer,.e-con>.elementor-widget-spacer{width:var(--container-widget-width,var(--spacer-size));--align-self:var(--container-widget-align-self,initial);--flex-shrink:0}.e-con-inner>.elementor-widget-spacer>.elementor-widget-container,.e-con>.elementor-widget-spacer>.elementor-widget-container{height:100%;width:100%}.e-con-inner>.elementor-widget-spacer>.elementor-widget-container>.elementor-spacer,.e-con>.elementor-widget-spacer>.elementor-widget-container>.elementor-spacer{height:100%}.e-con-inner>.elementor-widget-spacer>.elementor-widget-container>.elementor-spacer>.elementor-spacer-inner,.e-con>.elementor-widget-spacer>.elementor-widget-container>.elementor-spacer>.elementor-spacer-inner{height:var(--container-widget-height,var(--spacer-size))}.e-con-inner>.elementor-widget-spacer.elementor-widget-empty,.e-con>.elementor-widget-spacer.elementor-widget-empty{position:relative;min-height:22px;min-width:22px}.e-con-inner>.elementor-widget-spacer.elementor-widget-empty .elementor-widget-empty-icon,.e-con>.elementor-widget-spacer.elementor-widget-empty .elementor-widget-empty-icon{position:absolute;top:0;bottom:0;left:0;right:0;margin:auto;padding:0;width:22px;height:22px}<\/style>\t\t<div class=\"elementor-spacer\">\n\t\t\t<div class=\"elementor-spacer-inner\"><\/div>\n\t\t<\/div>\n\t\t\t\t<\/div>\n\t\t\t\t<\/div>\n\t\t\t\t\t<\/div>\n\t\t<\/div>\n\t\t\t\t\t<\/div>\n\t\t<\/section>\n\t\t\t\t<section class=\"elementor-section elementor-top-section elementor-element elementor-element-61bf8f0 elementor-section-boxed elementor-section-height-default elementor-section-height-default\" data-id=\"61bf8f0\" data-element_type=\"section\">\n\t\t\t\t\t\t<div class=\"elementor-container elementor-column-gap-default\">\n\t\t\t\t\t<div class=\"elementor-column elementor-col-100 elementor-top-column elementor-element elementor-element-d2438e1\" data-id=\"d2438e1\" data-element_type=\"column\">\n\t\t\t<div class=\"elementor-widget-wrap elementor-element-populated\">\n\t\t\t\t\t\t<div class=\"elementor-element elementor-element-88a9dc0 elementor-widget elementor-widget-text-editor\" data-id=\"88a9dc0\" data-element_type=\"widget\" data-widget_type=\"text-editor.default\">\n\t\t\t\t<div class=\"elementor-widget-container\">\n\t\t\t<style>\/*! elementor - v3.22.0 - 26-06-2024 *\/\n.elementor-widget-text-editor.elementor-drop-cap-view-stacked .elementor-drop-cap{background-color:#69727d;color:#fff}.elementor-widget-text-editor.elementor-drop-cap-view-framed .elementor-drop-cap{color:#69727d;border:3px solid;background-color:transparent}.elementor-widget-text-editor:not(.elementor-drop-cap-view-default) .elementor-drop-cap{margin-top:8px}.elementor-widget-text-editor:not(.elementor-drop-cap-view-default) .elementor-drop-cap-letter{width:1em;height:1em}.elementor-widget-text-editor .elementor-drop-cap{float:left;text-align:center;line-height:1;font-size:50px}.elementor-widget-text-editor .elementor-drop-cap-letter{display:inline-block}<\/style>\t\t\t\t<p><!-- wp:paragraph --><\/p>\n<h3 class=\"Estilo6\"><strong>Castilla y Le\u00f3n protagonista del Festival \u201cLa Huella de Espa\u00f1a\u201d en Cuba.<\/strong><\/h3>\n<p>El festival&nbsp;<em>La Huella de Espa\u00f1a<\/em>, celebrado anualmente en La Habana desde hace 23 a\u00f1os ha tenido este a\u00f1o como protagonista a nuestra comunidad aut\u00f3noma. En \u00e9l se han desarrollado diferentes actividades destinadas a ensalzar la cultura espa\u00f1ola y singularmente la castellana y leonesa.<\/p>\n<p>Destacamos la intervenci\u00f3n del director del Centro de Estudios de la Emigraci\u00f3n Castellana y Leonesa, Juan Andr\u00e9s Blanco Rodr\u00edguez, con una conferencia sobre la emigraci\u00f3n de nuestra regi\u00f3n a Cuba acompa\u00f1ado de la investigadora del Archivo Nacional de Cuba y colaboradora de este Centro Coralia Alonso Vald\u00e9s.<\/p>\n<p>En el Festival tambi\u00e9n se han presentado el libro&nbsp;<em>Las sociedades castellanas y leonesas en Cuba. La huella de un siglo<\/em>&nbsp;editado por la Agrupaci\u00f3n de Sociedades Castellanas y la Fundaci\u00f3n Cooperaci\u00f3n y Ciudadan\u00eda y el documental&nbsp;<em>Partir<\/em>&nbsp;del fot\u00f3grafo vallisoletano Eduardo Margareto. Ambos proyectos han contado con la direcci\u00f3n cient\u00edfica de Juan Andr\u00e9s Blanco Rodr\u00edguez y con la colaboraci\u00f3n del Centro de Estudios de la Emigraci\u00f3n Castellana y Leonesa.<\/p>\n<p>&nbsp;&nbsp;&nbsp;&nbsp;&nbsp;&nbsp;<img fetchpriority=\"high\" decoding=\"async\" src=\"https:\/\/asociacionismodelaemigracionespanola.com\/Fotos%20Web\/2.JPG\" width=\"350\" height=\"250\">&nbsp;&nbsp; &nbsp;&nbsp;&nbsp;&nbsp;&nbsp;&nbsp;&nbsp;&nbsp;&nbsp;&nbsp;&nbsp;&nbsp;&nbsp;&nbsp;<img decoding=\"async\" src=\"https:\/\/asociacionismodelaemigracionespanola.com\/Fotos%20Web\/3.JPG\" width=\"350\" height=\"250\"><\/p>\n<p><!-- \/wp:paragraph --><\/p>\t\t\t\t\t\t<\/div>\n\t\t\t\t<\/div>\n\t\t\t\t\t<\/div>\n\t\t<\/div>\n\t\t\t\t\t<\/div>\n\t\t<\/section>\n\t\t\t\t<\/div>\n\t\t","protected":false},"excerpt":{"rendered":"<p>Castilla y Le\u00f3n protagonista del Festival \u201cLa Huella de Espa\u00f1a\u201d en Cuba. El festival&nbsp;La Huella de Espa\u00f1a, celebrado anualmente en La Habana desde hace 23 a\u00f1os ha tenido este a\u00f1o como protagonista a nuestra comunidad aut\u00f3noma. En \u00e9l se han desarrollado diferentes actividades destinadas a ensalzar la cultura espa\u00f1ola y singularmente la castellana y leonesa. [&hellip;]<\/p>\n","protected":false},"author":4,"featured_media":0,"comment_status":"closed","ping_status":"closed","sticky":false,"template":"","format":"standard","meta":{"footnotes":""},"categories":[10],"tags":[],"_links":{"self":[{"href":"https:\/\/asociacionismodelaemigracionespanola.com\/index.php\/wp-json\/wp\/v2\/posts\/1820"}],"collection":[{"href":"https:\/\/asociacionismodelaemigracionespanola.com\/index.php\/wp-json\/wp\/v2\/posts"}],"about":[{"href":"https:\/\/asociacionismodelaemigracionespanola.com\/index.php\/wp-json\/wp\/v2\/types\/post"}],"author":[{"embeddable":true,"href":"https:\/\/asociacionismodelaemigracionespanola.com\/index.php\/wp-json\/wp\/v2\/users\/4"}],"replies":[{"embeddable":true,"href":"https:\/\/asociacionismodelaemigracionespanola.com\/index.php\/wp-json\/wp\/v2\/comments?post=1820"}],"version-history":[{"count":19,"href":"https:\/\/asociacionismodelaemigracionespanola.com\/index.php\/wp-json\/wp\/v2\/posts\/1820\/revisions"}],"predecessor-version":[{"id":1964,"href":"https:\/\/asociacionismodelaemigracionespanola.com\/index.php\/wp-json\/wp\/v2\/posts\/1820\/revisions\/1964"}],"wp:attachment":[{"href":"https:\/\/asociacionismodelaemigracionespanola.com\/index.php\/wp-json\/wp\/v2\/media?parent=1820"}],"wp:term":[{"taxonomy":"category","embeddable":true,"href":"https:\/\/asociacionismodelaemigracionespanola.com\/index.php\/wp-json\/wp\/v2\/categories?post=1820"},{"taxonomy":"post_tag","embeddable":true,"href":"https:\/\/asociacionismodelaemigracionespanola.com\/index.php\/wp-json\/wp\/v2\/tags?post=1820"}],"curies":[{"name":"wp","href":"https:\/\/api.w.org\/{rel}","templated":true}]}}