{"id":3120,"date":"2024-11-22T19:36:15","date_gmt":"2024-11-22T19:36:15","guid":{"rendered":"https:\/\/asociacionismodelaemigracionespanola.com\/?p=3120"},"modified":"2025-02-04T18:35:43","modified_gmt":"2025-02-04T18:35:43","slug":"simposio-internacional-el-asociacionismo-de-la-emigracion-espanola-en-america-dinamicas-de-transformacion-a-partir-de-la-decada-de-1960-presentacion-de-comunicaciones","status":"publish","type":"post","link":"https:\/\/asociacionismodelaemigracionespanola.com\/index.php\/2024\/11\/22\/simposio-internacional-el-asociacionismo-de-la-emigracion-espanola-en-america-dinamicas-de-transformacion-a-partir-de-la-decada-de-1960-presentacion-de-comunicaciones\/","title":{"rendered":"Simposio Internacional"},"content":{"rendered":"\t\t<div data-elementor-type=\"wp-post\" data-elementor-id=\"3120\" class=\"elementor elementor-3120\" data-elementor-post-type=\"post\">\n\t\t\t\t\t\t<section class=\"elementor-section elementor-top-section elementor-element elementor-element-eaaa0f1 elementor-section-boxed elementor-section-height-default elementor-section-height-default\" data-id=\"eaaa0f1\" data-element_type=\"section\">\n\t\t\t\t\t\t<div class=\"elementor-container elementor-column-gap-default\">\n\t\t\t\t\t<div class=\"elementor-column elementor-col-100 elementor-top-column elementor-element elementor-element-8c0a9cf\" data-id=\"8c0a9cf\" data-element_type=\"column\">\n\t\t\t<div class=\"elementor-widget-wrap elementor-element-populated\">\n\t\t\t\t\t\t<div class=\"elementor-element elementor-element-b6271a0 elementor-widget elementor-widget-spacer\" data-id=\"b6271a0\" data-element_type=\"widget\" data-widget_type=\"spacer.default\">\n\t\t\t\t<div class=\"elementor-widget-container\">\n\t\t\t<style>\/*! elementor - v3.22.0 - 26-06-2024 *\/\n.elementor-column .elementor-spacer-inner{height:var(--spacer-size)}.e-con{--container-widget-width:100%}.e-con-inner>.elementor-widget-spacer,.e-con>.elementor-widget-spacer{width:var(--container-widget-width,var(--spacer-size));--align-self:var(--container-widget-align-self,initial);--flex-shrink:0}.e-con-inner>.elementor-widget-spacer>.elementor-widget-container,.e-con>.elementor-widget-spacer>.elementor-widget-container{height:100%;width:100%}.e-con-inner>.elementor-widget-spacer>.elementor-widget-container>.elementor-spacer,.e-con>.elementor-widget-spacer>.elementor-widget-container>.elementor-spacer{height:100%}.e-con-inner>.elementor-widget-spacer>.elementor-widget-container>.elementor-spacer>.elementor-spacer-inner,.e-con>.elementor-widget-spacer>.elementor-widget-container>.elementor-spacer>.elementor-spacer-inner{height:var(--container-widget-height,var(--spacer-size))}.e-con-inner>.elementor-widget-spacer.elementor-widget-empty,.e-con>.elementor-widget-spacer.elementor-widget-empty{position:relative;min-height:22px;min-width:22px}.e-con-inner>.elementor-widget-spacer.elementor-widget-empty .elementor-widget-empty-icon,.e-con>.elementor-widget-spacer.elementor-widget-empty .elementor-widget-empty-icon{position:absolute;top:0;bottom:0;left:0;right:0;margin:auto;padding:0;width:22px;height:22px}<\/style>\t\t<div class=\"elementor-spacer\">\n\t\t\t<div class=\"elementor-spacer-inner\"><\/div>\n\t\t<\/div>\n\t\t\t\t<\/div>\n\t\t\t\t<\/div>\n\t\t\t\t\t<\/div>\n\t\t<\/div>\n\t\t\t\t\t<\/div>\n\t\t<\/section>\n\t\t\t\t<section class=\"elementor-section elementor-top-section elementor-element elementor-element-f896bb5 elementor-section-boxed elementor-section-height-default elementor-section-height-default\" data-id=\"f896bb5\" data-element_type=\"section\">\n\t\t\t\t\t\t<div class=\"elementor-container elementor-column-gap-default\">\n\t\t\t\t\t<div class=\"elementor-column elementor-col-100 elementor-top-column elementor-element elementor-element-d3734cb\" data-id=\"d3734cb\" data-element_type=\"column\">\n\t\t\t<div class=\"elementor-widget-wrap elementor-element-populated\">\n\t\t\t\t\t\t<div class=\"elementor-element elementor-element-93fb557 elementor-widget elementor-widget-spacer\" data-id=\"93fb557\" data-element_type=\"widget\" data-widget_type=\"spacer.default\">\n\t\t\t\t<div class=\"elementor-widget-container\">\n\t\t\t\t\t<div class=\"elementor-spacer\">\n\t\t\t<div class=\"elementor-spacer-inner\"><\/div>\n\t\t<\/div>\n\t\t\t\t<\/div>\n\t\t\t\t<\/div>\n\t\t\t\t\t<\/div>\n\t\t<\/div>\n\t\t\t\t\t<\/div>\n\t\t<\/section>\n\t\t\t\t<section class=\"elementor-section elementor-top-section elementor-element elementor-element-5ec2b7c elementor-section-boxed elementor-section-height-default elementor-section-height-default\" data-id=\"5ec2b7c\" data-element_type=\"section\">\n\t\t\t\t\t\t<div class=\"elementor-container elementor-column-gap-default\">\n\t\t\t\t\t<div class=\"elementor-column elementor-col-100 elementor-top-column elementor-element elementor-element-16919ab\" data-id=\"16919ab\" data-element_type=\"column\">\n\t\t\t<div class=\"elementor-widget-wrap elementor-element-populated\">\n\t\t\t\t\t\t<div class=\"elementor-element elementor-element-c1f6d2e elementor-widget elementor-widget-heading\" data-id=\"c1f6d2e\" data-element_type=\"widget\" data-widget_type=\"heading.default\">\n\t\t\t\t<div class=\"elementor-widget-container\">\n\t\t\t<style>\/*! elementor - v3.22.0 - 26-06-2024 *\/\n.elementor-heading-title{padding:0;margin:0;line-height:1}.elementor-widget-heading .elementor-heading-title[class*=elementor-size-]>a{color:inherit;font-size:inherit;line-height:inherit}.elementor-widget-heading .elementor-heading-title.elementor-size-small{font-size:15px}.elementor-widget-heading .elementor-heading-title.elementor-size-medium{font-size:19px}.elementor-widget-heading .elementor-heading-title.elementor-size-large{font-size:29px}.elementor-widget-heading .elementor-heading-title.elementor-size-xl{font-size:39px}.elementor-widget-heading .elementor-heading-title.elementor-size-xxl{font-size:59px}<\/style><h2 class=\"elementor-heading-title elementor-size-default\">Simposio Internacional \u201cEl asociacionismo de la emigraci\u00f3n espa\u00f1ola en Am\u00e9rica: din\u00e1micas de transformaci\u00f3n a partir de la d\u00e9cada de 1960\u201d. Presentaci\u00f3n de comunicaciones<\/h2>\t\t<\/div>\n\t\t\t\t<\/div>\n\t\t\t\t\t<\/div>\n\t\t<\/div>\n\t\t\t\t\t<\/div>\n\t\t<\/section>\n\t\t\t\t<section class=\"elementor-section elementor-top-section elementor-element elementor-element-4cfc9229 elementor-section-boxed elementor-section-height-default elementor-section-height-default\" data-id=\"4cfc9229\" data-element_type=\"section\">\n\t\t\t\t\t\t<div class=\"elementor-container elementor-column-gap-default\">\n\t\t\t\t\t<div class=\"elementor-column elementor-col-100 elementor-top-column elementor-element elementor-element-64da773\" data-id=\"64da773\" data-element_type=\"column\">\n\t\t\t<div class=\"elementor-widget-wrap elementor-element-populated\">\n\t\t\t\t\t\t<div class=\"elementor-element elementor-element-3dadb62 elementor-widget elementor-widget-text-editor\" data-id=\"3dadb62\" data-element_type=\"widget\" data-widget_type=\"text-editor.default\">\n\t\t\t\t<div class=\"elementor-widget-container\">\n\t\t\t<style>\/*! elementor - v3.22.0 - 26-06-2024 *\/\n.elementor-widget-text-editor.elementor-drop-cap-view-stacked .elementor-drop-cap{background-color:#69727d;color:#fff}.elementor-widget-text-editor.elementor-drop-cap-view-framed .elementor-drop-cap{color:#69727d;border:3px solid;background-color:transparent}.elementor-widget-text-editor:not(.elementor-drop-cap-view-default) .elementor-drop-cap{margin-top:8px}.elementor-widget-text-editor:not(.elementor-drop-cap-view-default) .elementor-drop-cap-letter{width:1em;height:1em}.elementor-widget-text-editor .elementor-drop-cap{float:left;text-align:center;line-height:1;font-size:50px}.elementor-widget-text-editor .elementor-drop-cap-letter{display:inline-block}<\/style>\t\t\t\t<p><!-- wp:paragraph --><\/p>\n<p>A trav\u00e9s de la presente se abre el proceso de presentaci\u00f3n de propuestas de comunicaci\u00f3n para el Simposio Internacional que se celebrar\u00e1 en Zamora los d\u00edas 30 y 31 de enero de 2025. Las comunicaciones se agrupar\u00e1n en dos bloques: uno presencial y otro online; el proponente debe se\u00f1alar expresamente a qu\u00e9 modalidad quiere acogerse.<br \/>El Simposio est\u00e1 centrado en el asociacionismo de la emigraci\u00f3n espa\u00f1ola a Am\u00e9rica en el periodo entre 1960-2000 a trav\u00e9s de los siguientes bloques tem\u00e1ticos:<\/p>\n<p>o Las asociaciones en su coyuntura pol\u00edtica (1960-2000).<br \/>o Din\u00e1micas entre asociaciones e instituciones espa\u00f1olas.<br \/>o Asimilaci\u00f3n y vinculaci\u00f3n: impactos en la organizaci\u00f3n interna de las sociedades.<br \/>o Espacios y din\u00e1micas de sociabilidad migrante: cambios y permanencias.<br \/>o Patrimonio asociativo: inmobiliario, art\u00edstico, documental e inmaterial.<\/p>\n<p><!-- \/wp:paragraph --><!-- wp:paragraph --><\/p>\n<p>Las personas que quieran presentar una propuesta deber\u00e1n enviarla por email (jdelgado@zamora.uned.es) con las siguientes informaciones:<\/p>\n<ul>\n<li>Nombre completo.<\/li>\n<li>Instituci\u00f3n.<\/li>\n<li>Tlf y e-mail de contacto.<\/li>\n<li>T\u00edtulo de la propuesta.<\/li>\n<li>Resumen (m\u00e1ximo 300 palabras).<\/li>\n<li>Modalidad escogida: online o presencial.<\/li>\n<\/ul>\n<p><!-- \/wp:paragraph --><!-- wp:paragraph --><\/p>\n<p>Se admitir\u00e1n propuestas hasta el <strong>15 de diciembre de 2024<\/strong>.<br \/>Todas las propuestas ser\u00e1n evaluadas por el Comit\u00e9 Cient\u00edfico del Congreso. La evaluaci\u00f3n de dicho Comit\u00e9 ser\u00e1 inapelable.<br \/>Las propuestas de comunicaci\u00f3n aceptadas est\u00e1n libres de fees o tasas de inscripci\u00f3n. La organizaci\u00f3n no financia gastos de estancia ni de viaje para los comunicantes.<\/p>\n<p><a href=\"https:\/\/asociacionismodelaemigracionespanola.com\/wp-content\/uploads\/2024\/11\/Cartel-Simposio-Asociacionismo-emigracion.pdf\">Descarga del Cartel Informativo<\/a><\/p>\n<p><a href=\"https:\/\/asociacionismodelaemigracionespanola.com\/wp-content\/uploads\/2025\/02\/2025-programa-Simposio-Zamora.pdf\">Descarga del Programa<\/a><\/p>\n<p><!-- \/wp:paragraph --><\/p>\t\t\t\t\t\t<\/div>\n\t\t\t\t<\/div>\n\t\t\t\t\t<\/div>\n\t\t<\/div>\n\t\t\t\t\t<\/div>\n\t\t<\/section>\n\t\t\t\t<section class=\"elementor-section elementor-top-section elementor-element elementor-element-9ad82ba elementor-section-boxed elementor-section-height-default elementor-section-height-default\" data-id=\"9ad82ba\" data-element_type=\"section\">\n\t\t\t\t\t\t<div class=\"elementor-container elementor-column-gap-default\">\n\t\t\t\t\t<div class=\"elementor-column elementor-col-100 elementor-top-column elementor-element elementor-element-c30c530\" data-id=\"c30c530\" data-element_type=\"column\">\n\t\t\t<div class=\"elementor-widget-wrap elementor-element-populated\">\n\t\t\t\t\t\t<div class=\"elementor-element elementor-element-830ff03 elementor-widget elementor-widget-image\" data-id=\"830ff03\" data-element_type=\"widget\" data-widget_type=\"image.default\">\n\t\t\t\t<div class=\"elementor-widget-container\">\n\t\t\t<style>\/*! elementor - v3.22.0 - 26-06-2024 *\/\n.elementor-widget-image{text-align:center}.elementor-widget-image a{display:inline-block}.elementor-widget-image a img[src$=\".svg\"]{width:48px}.elementor-widget-image img{vertical-align:middle;display:inline-block}<\/style>\t\t\t\t\t\t\t\t\t\t<img fetchpriority=\"high\" decoding=\"async\" width=\"724\" height=\"1024\" src=\"https:\/\/asociacionismodelaemigracionespanola.com\/wp-content\/uploads\/2024\/11\/Cartel-Simposio-Asociacionismo-emigracion-1-724x1024.jpg\" class=\"attachment-large size-large wp-image-3169\" alt=\"\" srcset=\"https:\/\/asociacionismodelaemigracionespanola.com\/wp-content\/uploads\/2024\/11\/Cartel-Simposio-Asociacionismo-emigracion-1-724x1024.jpg 724w, https:\/\/asociacionismodelaemigracionespanola.com\/wp-content\/uploads\/2024\/11\/Cartel-Simposio-Asociacionismo-emigracion-1-212x300.jpg 212w, https:\/\/asociacionismodelaemigracionespanola.com\/wp-content\/uploads\/2024\/11\/Cartel-Simposio-Asociacionismo-emigracion-1-768x1086.jpg 768w, https:\/\/asociacionismodelaemigracionespanola.com\/wp-content\/uploads\/2024\/11\/Cartel-Simposio-Asociacionismo-emigracion-1-1086x1536.jpg 1086w, https:\/\/asociacionismodelaemigracionespanola.com\/wp-content\/uploads\/2024\/11\/Cartel-Simposio-Asociacionismo-emigracion-1-1448x2048.jpg 1448w, https:\/\/asociacionismodelaemigracionespanola.com\/wp-content\/uploads\/2024\/11\/Cartel-Simposio-Asociacionismo-emigracion-1-scaled.jpg 1810w\" sizes=\"(max-width: 724px) 100vw, 724px\" \/>\t\t\t\t\t\t\t\t\t\t\t\t\t<\/div>\n\t\t\t\t<\/div>\n\t\t\t\t\t<\/div>\n\t\t<\/div>\n\t\t\t\t\t<\/div>\n\t\t<\/section>\n\t\t\t\t<\/div>\n\t\t","protected":false},"excerpt":{"rendered":"<p>Simposio Internacional \u201cEl asociacionismo de la emigraci\u00f3n espa\u00f1ola en Am\u00e9rica: din\u00e1micas de transformaci\u00f3n a partir de la d\u00e9cada de 1960\u201d. Presentaci\u00f3n de comunicaciones A trav\u00e9s de la presente se abre el proceso de presentaci\u00f3n de propuestas de comunicaci\u00f3n para el Simposio Internacional que se celebrar\u00e1 en Zamora los d\u00edas 30 y 31 de enero de [&hellip;]<\/p>\n","protected":false},"author":2,"featured_media":3121,"comment_status":"closed","ping_status":"closed","sticky":false,"template":"","format":"standard","meta":{"footnotes":""},"categories":[10],"tags":[],"_links":{"self":[{"href":"https:\/\/asociacionismodelaemigracionespanola.com\/index.php\/wp-json\/wp\/v2\/posts\/3120"}],"collection":[{"href":"https:\/\/asociacionismodelaemigracionespanola.com\/index.php\/wp-json\/wp\/v2\/posts"}],"about":[{"href":"https:\/\/asociacionismodelaemigracionespanola.com\/index.php\/wp-json\/wp\/v2\/types\/post"}],"author":[{"embeddable":true,"href":"https:\/\/asociacionismodelaemigracionespanola.com\/index.php\/wp-json\/wp\/v2\/users\/2"}],"replies":[{"embeddable":true,"href":"https:\/\/asociacionismodelaemigracionespanola.com\/index.php\/wp-json\/wp\/v2\/comments?post=3120"}],"version-history":[{"count":59,"href":"https:\/\/asociacionismodelaemigracionespanola.com\/index.php\/wp-json\/wp\/v2\/posts\/3120\/revisions"}],"predecessor-version":[{"id":3236,"href":"https:\/\/asociacionismodelaemigracionespanola.com\/index.php\/wp-json\/wp\/v2\/posts\/3120\/revisions\/3236"}],"wp:featuredmedia":[{"embeddable":true,"href":"https:\/\/asociacionismodelaemigracionespanola.com\/index.php\/wp-json\/wp\/v2\/media\/3121"}],"wp:attachment":[{"href":"https:\/\/asociacionismodelaemigracionespanola.com\/index.php\/wp-json\/wp\/v2\/media?parent=3120"}],"wp:term":[{"taxonomy":"category","embeddable":true,"href":"https:\/\/asociacionismodelaemigracionespanola.com\/index.php\/wp-json\/wp\/v2\/categories?post=3120"},{"taxonomy":"post_tag","embeddable":true,"href":"https:\/\/asociacionismodelaemigracionespanola.com\/index.php\/wp-json\/wp\/v2\/tags?post=3120"}],"curies":[{"name":"wp","href":"https:\/\/api.w.org\/{rel}","templated":true}]}}